{"id":3816,"date":"2026-04-24T18:04:00","date_gmt":"2026-04-24T17:04:00","guid":{"rendered":"https:\/\/grupdeldissabte.org\/?p=3816"},"modified":"2026-04-25T08:56:21","modified_gmt":"2026-04-25T07:56:21","slug":"tres-minuts-amb-les-lectures-de-diumenge-7","status":"publish","type":"post","link":"https:\/\/grupdeldissabte.org\/index.php\/2026\/04\/24\/tres-minuts-amb-les-lectures-de-diumenge-7\/","title":{"rendered":"TRES MINUTS AMB LES LECTURES DE DIUMENGE"},"content":{"rendered":"<p><strong>IV Diumenge de Pasqua.\u00a0 \u00a0 \u00a0 \u00a0 \u00a0 \u00a0 \u00a0 \u00a0 \u00a0 \u00a0 \u00a0 \u00a0 \u00a0 \u00a0 \u00a0 \u00a0 \u00a0 \u00a0 \u00a0 \u00a0 \u00a0 \u00a0 \u00a0 \u00a0 \u00a0 \u00a0 \u00a0 \u00a0 \u00a0 \u00a0 \u00a0 \u00a0 \u00a0 \u00a0 \u00a0 \u00a0 \u00a0 \u00a0 \u00a0 \u00a0 \u00a0 \u00a0 \u00a0 \u00a0 \u00a0 \u00a0 \u00a0 \u00a0 \u00a0 \u00a0 <\/strong><em>(Fets 2,14a.36-41; Salm 22; 1Pe 2,20b-25; Jo 10,1-10)\u00a0 \u00a0 \u00a0 \u00a0 \u00a0 \u00a0 \u00a0 \u00a0 \u00a0 \u00a0 \u00a0 \u00a0 \u00a0 \u00a0 \u00a0 \u00a0 \u00a0 \u00a0 \u00a0 \u00a0 \u00a0 \u00a0 \u00a0 \u00a0 \u00a0 \u00a0 \u00a0 \u00a0 \u00a0 \u00a0 \u00a0 \u00a0 \u00a0 \u00a0 \u00a0<\/em><strong><em>Xavier Serra \u00e9s membre del Grup Cristi\u00e0 del Dissabte.<\/em><\/strong><\/p>\n<p>Us recordeu de la mai\u00e8utica? Era el m\u00e8tode emprat per S\u00f2crates. Ell preguntava, i preguntava i preguntava. I els seus deixebles en respondre descobrien en ells mateixos nocions que, fins aquell moment, havien estat latents. S\u00f2crates, doneu-nos una m\u00e0!<\/p>\n<p>Despr\u00e9s del t\u00edtol he comen\u00e7at amb una pregunta: Quines veus escoltem hui?<\/p>\n<p>Seguisc amb preguntes; preguntes que em faig a mi mateix i que jo mateix conteste. Potser les meues respostes em permeten descobrir nocions latents en mi, de les quals no m&#8217;havia adonat.<!--more--><\/p>\n<p>Quines veus escolte?<\/p>\n<p>Escolte les veus que m&#8217;afalaguen? Per descomptat que s\u00ed. Vanitat de vanitats i tot \u00e9s vanitat, diu l&#8217;Eclesiast\u00e8s. Per\u00f2 aix\u00f2 no em fa cr\u00e9ixer. Al contrari, m&#8217;envaneix i m&#8217;empobreix.<\/p>\n<p>Escolte les veus del meu grup amb qu\u00e8 em trobe a gust i que pensen m\u00e9s o menys el mateix que jo? Evidentment. La calor del ramat. Aleshores, com entenc la lectura de hui dels Fets dels Ap\u00f2stols que obre el missatge als gentils?<img loading=\"lazy\" decoding=\"async\" class=\"size-medium wp-image-3817 alignleft\" src=\"https:\/\/grupdeldissabte.org\/wp-content\/uploads\/2026\/04\/LANYELL-DE-DEU-245x300.jpg\" alt=\"\" width=\"245\" height=\"300\" srcset=\"https:\/\/grupdeldissabte.org\/wp-content\/uploads\/2026\/04\/LANYELL-DE-DEU-245x300.jpg 245w, https:\/\/grupdeldissabte.org\/wp-content\/uploads\/2026\/04\/LANYELL-DE-DEU.jpg 500w\" sizes=\"auto, (max-width: 245px) 85vw, 245px\" \/><\/p>\n<p>Escolte les veus dels immigrants, dels pobres, dels marginats, dels \u201cdiferents\u201d? Possiblement dic que s\u00ed, fins i tot ho pense de veres, per\u00f2 en el fons \u2013i sens dubte tamb\u00e9 en la forma\u2013 no els escolte, doncs el que pretenc \u00e9s ensenyar-los, perqu\u00e8 ells no saben. Si no saben -i \u00e9s que, de veres, no saben-, \u00bfper qu\u00e8 els escoltar\u00e9? Ni se m&#8217;ocorre. El que vull \u00e9s que m&#8217;escolten, perqu\u00e8 jo s\u00e9 m\u00e9s que ells, perqu\u00e8 jo veig les coses millor que ells, perqu\u00e8 ells necessiten la meua paraula i els meus consells. \u00c9s obvi. Qu\u00e8 m&#8217;ha d&#8217;ensenyar un pobre emigrant marroqu\u00ed que jo no s\u00e0pia?<\/p>\n<p>Escoltar, escoltar, escoltar.<\/p>\n<p>He d&#8217;aprendre a escoltar D\u00e9u en els rius (com feia Siddhartha), els arbres, les muntanyes, les estrelles, la lluna i el sol, en els colibr\u00eds i els rossinyols, els c\u00e9rvols i els esquirols, les mantes i els peixos lluna. He d&#8217;aprendre a escoltar D\u00e9u en els xiquets, els joves, els adults i els vells. Sobretot, en els m\u00e9s necessitats i vulnerables.<\/p>\n<p>Perill: dic que s\u00ed, que d&#8217;acord, per\u00f2 faig com aquell que diu que assumeix la responsabilitat i ja est\u00e0; no fa res m\u00e9s.<\/p>\n<p>M\u00e9s mai\u00e8utica, m\u00e9s preguntes: Si, a m\u00e9s d&#8217;escoltar, vull que m&#8217;escolten, la meua veu crida o amena\u00e7a?, la meua veu consola o condemna?, la meua veu acull o rebutja?, la meua veu compr\u00e8n o jutja?, la meua veu uneix o divideix?, la meua veu guareix o fereix?, la meua veu allibera o oprimeix?, la meua veu serveix o domina? Amb la meua veu, a qui estic deixant fora?, a qui no done la benvinguda? (Incloc tamb\u00e9 en la meua reflexi\u00f3 aquella part de l&#8217;Esgl\u00e9sia i dels seus membres que em resulta dif\u00edcil comprendre, per no dir suportar).<\/p>\n<p>Finalment, crec que escoltar D\u00e9u en el germ\u00e0 i la natura implica, ineludiblement, un comprom\u00eds. Si no, l&#8217;escolta \u00e9s un <em>flatus vocis<\/em>. Escoltar D\u00e9u implica potenciar la famosa oraci\u00f3 de sant Francesc:<\/p>\n<p>Senyor, fes de mi un instrument de la teua pau. On hi haja odi, pose jo amor; on hi haja ofensa, perd\u00f3; on hi haja disc\u00f2rdia, uni\u00f3; on hi haja error, veritat; on hi haja dubte, fe; on hi haja desesperaci\u00f3, esperan\u00e7a; on hi haja tenebres, llum; on hi haja tristesa, alegria.<\/p>\n","protected":false},"excerpt":{"rendered":"<p>IV Diumenge de Pasqua.\u00a0 \u00a0 \u00a0 \u00a0 \u00a0 \u00a0 \u00a0 \u00a0 \u00a0 \u00a0 \u00a0 \u00a0 \u00a0 \u00a0 \u00a0 \u00a0 \u00a0 \u00a0 \u00a0 \u00a0 \u00a0 \u00a0 \u00a0 \u00a0 \u00a0 \u00a0 \u00a0 \u00a0 \u00a0 \u00a0 \u00a0 \u00a0 \u00a0 \u00a0 \u00a0 \u00a0 \u00a0 \u00a0 \u00a0 \u00a0 \u00a0 \u00a0 \u00a0 \u00a0 \u00a0 \u00a0 \u00a0 \u00a0 \u00a0 \u00a0 (Fets 2,14a.36-41; &hellip; <a href=\"https:\/\/grupdeldissabte.org\/index.php\/2026\/04\/24\/tres-minuts-amb-les-lectures-de-diumenge-7\/\" class=\"more-link\">Continuar llegint<span class=\"screen-reader-text\"> &#8220;TRES MINUTS AMB LES LECTURES DE DIUMENGE&#8221;<\/span><\/a><\/p>\n","protected":false},"author":40,"featured_media":0,"comment_status":"closed","ping_status":"open","sticky":false,"template":"","format":"standard","meta":{"footnotes":""},"categories":[18],"tags":[],"class_list":["post-3816","post","type-post","status-publish","format-standard","hentry","category-comentaris-lectures-diumenge"],"_links":{"self":[{"href":"https:\/\/grupdeldissabte.org\/index.php\/wp-json\/wp\/v2\/posts\/3816","targetHints":{"allow":["GET"]}}],"collection":[{"href":"https:\/\/grupdeldissabte.org\/index.php\/wp-json\/wp\/v2\/posts"}],"about":[{"href":"https:\/\/grupdeldissabte.org\/index.php\/wp-json\/wp\/v2\/types\/post"}],"author":[{"embeddable":true,"href":"https:\/\/grupdeldissabte.org\/index.php\/wp-json\/wp\/v2\/users\/40"}],"replies":[{"embeddable":true,"href":"https:\/\/grupdeldissabte.org\/index.php\/wp-json\/wp\/v2\/comments?post=3816"}],"version-history":[{"count":2,"href":"https:\/\/grupdeldissabte.org\/index.php\/wp-json\/wp\/v2\/posts\/3816\/revisions"}],"predecessor-version":[{"id":3819,"href":"https:\/\/grupdeldissabte.org\/index.php\/wp-json\/wp\/v2\/posts\/3816\/revisions\/3819"}],"wp:attachment":[{"href":"https:\/\/grupdeldissabte.org\/index.php\/wp-json\/wp\/v2\/media?parent=3816"}],"wp:term":[{"taxonomy":"category","embeddable":true,"href":"https:\/\/grupdeldissabte.org\/index.php\/wp-json\/wp\/v2\/categories?post=3816"},{"taxonomy":"post_tag","embeddable":true,"href":"https:\/\/grupdeldissabte.org\/index.php\/wp-json\/wp\/v2\/tags?post=3816"}],"curies":[{"name":"wp","href":"https:\/\/api.w.org\/{rel}","templated":true}]}}